{"id":19402,"global_id":"sabereswp.saberesafricanos.net?id=19402","global_id_lineage":["sabereswp.saberesafricanos.net?id=19402"],"author":"3","status":"publish","date":"2016-11-03 13:10:11","date_utc":"2016-11-03 17:10:11","modified":"2016-11-03 13:10:11","modified_utc":"2016-11-03 17:10:11","url":"https:\/\/sabereswp.saberesafricanos.net\/index.php\/evento\/12-de-octubre-de-1968-dia-de-la-independencia-guinea-ecuatorial-8\/","rest_url":"https:\/\/sabereswp.saberesafricanos.net\/index.php\/wp-json\/tribe\/events\/v1\/events\/19402","title":"12 de octubre de 1968: : D\u00eda de la Independencia Guinea Ecuatorial","description":"<p><img loading=\"lazy\" decoding=\"async\" class=\" size-full wp-image-19023\" style=\"border: 2px solid #ffffff; display: block; margin-left: auto; margin-right: auto;\" src=\"https:\/\/sabereswp.saberesafricanos.net\/wp-content\/uploads\/2016\/11\/bandera-de-guinea-ecuatorial-f39.jpg\" alt=\"Bandera de Guinea Ecuatorial\" width=\"600\" height=\"375\" srcset=\"https:\/\/sabereswp.saberesafricanos.net\/wp-content\/uploads\/2016\/11\/bandera-de-guinea-ecuatorial-f39.jpg 1920w, https:\/\/sabereswp.saberesafricanos.net\/wp-content\/uploads\/2016\/11\/bandera-de-guinea-ecuatorial-f39-300x188.jpg 300w, https:\/\/sabereswp.saberesafricanos.net\/wp-content\/uploads\/2016\/11\/bandera-de-guinea-ecuatorial-f39-1024x640.jpg 1024w, https:\/\/sabereswp.saberesafricanos.net\/wp-content\/uploads\/2016\/11\/bandera-de-guinea-ecuatorial-f39-768x480.jpg 768w, https:\/\/sabereswp.saberesafricanos.net\/wp-content\/uploads\/2016\/11\/bandera-de-guinea-ecuatorial-f39-1536x960.jpg 1536w\" sizes=\"auto, (max-width: 600px) 100vw, 600px\" \/><\/p>\n<p>La independencia de Guinea Ecuatorial de Espa\u00f1a se proclam\u00f3 el 12 de octubre de 1968, durante el Und\u00e9cimo Gobierno de Espa\u00f1a de la dictadura franquista, como parte del proceso de descolonizaci\u00f3n de \u00c1frica apoyado por las Naciones Unidas.<\/p>\n<p>En la lucha por la independnecia destaca&nbsp; Acacio Ma\u00f1\u00e9 El\u00e1&nbsp;<span style=\"caret-color: auto;\">(c. 1904 &#8211; 1959),<\/span><span style=\"caret-color: auto;\">fue un l\u00edder indiscutible del nacionalismo ecuatoguineano y su muerte sensibiliz\u00f3 a todo el pueblo, por lo que ha quedado como uno de los s\u00edmbolos de sacrificio por su pa\u00eds. Para muchos es El Padre de la Patria de Guinea Ecuatorial.&nbsp;<\/span><span style=\"caret-color: auto;\">Como cabeza visible de MONALIGE en el continente, el 28 de noviembre de 1959, Mane fue arrestada en Bata , cerca de la Misi\u00f3n Cat\u00f3lica; fue trasladado al cuartel de la Marina y luego se embarc\u00f3 en un barco que naveg\u00f3 a Bioko , pero que no lleg\u00f3 a la isla. Desde entonces se cree que fue arrojado al mar.&nbsp;En 2006, mediante el Decreto Presidencia n\u00ba 100\/2006, se concedi\u00f3 a t\u00edtulo p\u00f3stumo la condecoraci\u00f3n a los m\u00e1rtires de la independencia nacional: Enrique Nvo Okenve, Acacio Ma\u00f1\u00e9 El\u00e1 y Salvador Ndong Ekang<\/span><\/p>\n<p>Francisco Mac\u00edas Nguema&nbsp; (1 de enero de 1924-Malabo, 29 de septiembre de 1979)&nbsp;fue el&nbsp; primer presidente constitucional).<\/p>\n<hr \/>","excerpt":"","slug":"12-de-octubre-de-1968-dia-de-la-independencia-guinea-ecuatorial-8","image":{"url":"https:\/\/sabereswp.saberesafricanos.net\/wp-content\/uploads\/2016\/11\/bandera-de-guinea-ecuatorial-f39.jpg","id":19023,"extension":"jpg","width":1920,"height":1200,"filesize":106745,"sizes":{"medium":{"width":300,"height":188,"mime-type":"image\/jpeg","filesize":11251,"url":"https:\/\/sabereswp.saberesafricanos.net\/wp-content\/uploads\/2016\/11\/bandera-de-guinea-ecuatorial-f39-300x188.jpg"},"large":{"width":1024,"height":640,"mime-type":"image\/jpeg","filesize":61335,"url":"https:\/\/sabereswp.saberesafricanos.net\/wp-content\/uploads\/2016\/11\/bandera-de-guinea-ecuatorial-f39-1024x640.jpg"},"thumbnail":{"width":150,"height":150,"mime-type":"image\/jpeg","filesize":5471,"url":"https:\/\/sabereswp.saberesafricanos.net\/wp-content\/uploads\/2016\/11\/bandera-de-guinea-ecuatorial-f39-150x150.jpg"},"medium_large":{"width":768,"height":480,"mime-type":"image\/jpeg","filesize":40254,"url":"https:\/\/sabereswp.saberesafricanos.net\/wp-content\/uploads\/2016\/11\/bandera-de-guinea-ecuatorial-f39-768x480.jpg"},"1536x1536":{"width":1536,"height":960,"mime-type":"image\/jpeg","filesize":108042,"url":"https:\/\/sabereswp.saberesafricanos.net\/wp-content\/uploads\/2016\/11\/bandera-de-guinea-ecuatorial-f39-1536x960.jpg"}}},"all_day":true,"start_date":"2023-10-12 00:00:00","start_date_details":{"year":"2023","month":"10","day":"12","hour":"00","minutes":"00","seconds":"00"},"end_date":"2023-10-12 23:59:59","end_date_details":{"year":"2023","month":"10","day":"12","hour":"23","minutes":"59","seconds":"59"},"utc_start_date":"2023-10-12 04:00:00","utc_start_date_details":{"year":"2023","month":"10","day":"12","hour":"04","minutes":"00","seconds":"00"},"utc_end_date":"2023-10-13 03:59:59","utc_end_date_details":{"year":"2023","month":"10","day":"13","hour":"03","minutes":"59","seconds":"59"},"timezone":"America\/Caracas","timezone_abbr":"-04","cost":"","cost_details":{"currency_symbol":"","currency_code":"","currency_position":"","values":[]},"website":"","show_map":true,"show_map_link":true,"hide_from_listings":false,"sticky":false,"featured":false,"categories":[{"name":"Efem\u00e9rides","slug":"efemerides","term_group":0,"term_taxonomy_id":4682,"taxonomy":"tribe_events_cat","description":"<p>Estos son los d&iacute;as internacionales observados actualmente en el continente Americano, el Africano y la regi&oacute;n de El Caribe. Nuevos d&iacute;as conmemorables se establecer&aacute;n regularmente.<\/p>","parent":0,"count":2996,"filter":"raw","id":4684,"urls":{"self":"https:\/\/sabereswp.saberesafricanos.net\/index.php\/wp-json\/tribe\/events\/v1\/categories\/4684","collection":"https:\/\/sabereswp.saberesafricanos.net\/index.php\/wp-json\/tribe\/events\/v1\/categories"}}],"tags":[],"venue":{"id":18948,"author":"1","status":"publish","date":"2016-08-04 16:59:50","date_utc":"2016-08-04 20:59:50","modified":"2016-08-04 16:59:50","modified_utc":"2016-08-04 20:59:50","url":"https:\/\/sabereswp.saberesafricanos.net\/index.php\/local\/africa\/","venue":"\u00c1frica","slug":"africa","address":"\u00c1frica","json_ld":{"@type":"Place","name":"\u00c1frica","description":"","url":"","address":{"@type":"PostalAddress","streetAddress":"\u00c1frica"},"telephone":"","sameAs":""},"show_map":true,"show_map_link":true,"global_id":"sabereswp.saberesafricanos.net?id=18948","global_id_lineage":["sabereswp.saberesafricanos.net?id=18948"]},"organizer":[],"custom_fields":[],"json_ld":{"@context":"http:\/\/schema.org","@type":"Event","name":"12 de octubre de 1968: : D\u00eda de la Independencia Guinea Ecuatorial","description":"&lt;p&gt;La independencia de Guinea Ecuatorial de Espa\u00f1a se proclam\u00f3 el 12 de octubre de 1968, durante el Und\u00e9cimo Gobierno de Espa\u00f1a de la dictadura franquista, como parte del proceso de [&hellip;]&lt;\/p&gt;\\n","image":"https:\/\/sabereswp.saberesafricanos.net\/wp-content\/uploads\/2016\/11\/bandera-de-guinea-ecuatorial-f39.jpg","url":"https:\/\/sabereswp.saberesafricanos.net\/index.php\/evento\/12-de-octubre-de-1968-dia-de-la-independencia-guinea-ecuatorial-8\/","eventAttendanceMode":"https:\/\/schema.org\/OfflineEventAttendanceMode","eventStatus":"https:\/\/schema.org\/EventScheduled","startDate":"2023-10-12T00:00:00-04:00","endDate":"2023-10-12T23:59:59-04:00","location":{"@type":"Place","name":"\u00c1frica","description":"","url":"","address":{"@type":"PostalAddress","streetAddress":"\u00c1frica"},"telephone":"","sameAs":""},"performer":"Organization"}}