{"id":1942,"date":"2016-10-29T13:05:07","date_gmt":"2016-10-29T17:05:07","guid":{"rendered":"https:\/\/sabereswp.saberesafricanos.net\/index.php\/2016\/10\/29\/presentan-querella-contra-policias-chilenos-que-maltratan-a-un-venezolano-y-un-haitiano\/"},"modified":"2016-10-29T13:05:07","modified_gmt":"2016-10-29T17:05:07","slug":"presentan-querella-contra-policias-chilenos-que-maltratan-a-un-venezolano-y-un-haitiano","status":"publish","type":"post","link":"https:\/\/sabereswp.saberesafricanos.net\/index.php\/2016\/10\/29\/presentan-querella-contra-policias-chilenos-que-maltratan-a-un-venezolano-y-un-haitiano\/","title":{"rendered":"Presentan querella contra polic\u00edas chilenos que maltratan a un venezolano y un haitiano"},"content":{"rendered":"<p><img loading=\"lazy\" decoding=\"async\" class=\" size-full wp-image-1941\" src=\"https:\/\/sabereswp.saberesafricanos.net\/wp-content\/uploads\/2016\/10\/Foto-d63.jpg\" alt=\"Maltrato a un venezolano y  un haitiano\" style=\"border: 2px solid #ffffff; display: block; margin-left: auto; margin-right: auto;\" width=\"660\" height=\"315\" srcset=\"https:\/\/sabereswp.saberesafricanos.net\/wp-content\/uploads\/2016\/10\/Foto-d63.jpg 660w, https:\/\/sabereswp.saberesafricanos.net\/wp-content\/uploads\/2016\/10\/Foto-d63-300x143.jpg 300w\" sizes=\"auto, (max-width: 660px) 100vw, 660px\" \/><\/p>\n<p>El Instituto Nacional de Derechos Humanos (Indh) de Chile present\u00f3 una querella en contra de carabineros por apremios ileg\u00edtimos causados a dos migrantes, un venezolano y un haitiano, informaron este s\u00e1bado fuentes judiciales.<\/p>\n<p><!--more--><\/p>\n<p>La acci\u00f3n judicial pide una investigaci\u00f3n en la que eventualmente podr\u00eda configurarse el delito de torturas hacia estas dos personas quienes fueron golpeadas por la Polic\u00eda ante numerosos testigos y luego en un veh\u00edculo policial y despu\u00e9s en la comisar\u00eda, a\u00f1adi\u00f3 el Indh.<\/p>\n<p><strong>Los hechos ocurrieron el pasado 19 de octubre de 2016<\/strong>, cuando el ciudadano haitiano Roulio Charles fue sorprendido evadiendo el pago de su pasaje en un microb\u00fas.<\/p>\n<p>Por ello fue detenido por unos cinco carabineros mediante la fuerza, a lo que \u00e9l se resisti\u00f3 aduciendo que no pagar un pasaje es constitutivo de una falta que no tiene aparejada la detenci\u00f3n.<\/p>\n<p>El arresto fue presenciado por Carlos D\u00edaz, ciudadano de nacionalidad venezolana y quien se dirig\u00eda a su trabajo.<\/p>\n<p>Al percatarse del proceder que los carabineros realizaban en contra de Roulio Charles, al cual en ese instante le propinaban numerosos golpes, decidi\u00f3 intervenir para detener la golpiza.<\/p>\n<p>Al momento de la detenci\u00f3n de Carlos D\u00edaz no se le explic\u00f3 el motivo de la misma, verific\u00e1ndose aquello una vez que es subido al carro policial, siendo increpado supuestamente de agredir a un carabinero, mientras era golpeado, amenazado, humillado y ofendido, entre otros malos tratos.<\/p>\n<p>Luego de estos hechos, las v\u00edctimas son trasladadas a las dependencias de la Primera Comisaria de Santiago, lugar en que las agresiones contin\u00faan, junto con las ofensas a ra\u00edz de su nacionalidad.<\/p>\n<p>Ambas v\u00edctimas quedaron detenidas y pasaron a control de detenci\u00f3n al d\u00eda siguiente por el delito de maltrato de obra a carabineros, fundando esta acusaci\u00f3n en un dato de atenci\u00f3n m\u00e9dica que se\u00f1alaba que un funcionario presentaba una fractura en su mano a ra\u00edz de la agresi\u00f3n ilegitima de Roulio Charles y Carlos D\u00edaz.<\/p>\n<p>Seg\u00fan el Indh, los apremios ileg\u00edtimos y vej\u00e1menes, tanto f\u00edsicos como sicol\u00f3gicos referidos por ambas v\u00edctimas, nunca antes en su vida los hab\u00edan sufrido, provoc\u00e1ndoles un fuerte estr\u00e9s, ansiedad, frustraci\u00f3n y secuelas que se ven incrementadas al estar en un pa\u00eds diferente al de su origen.<\/p>\n<p>De hecho, el Gobierno del presidente Nicol\u00e1s Maduro manifest\u00f3 el pasado mi\u00e9rcoles, en un comunicado, su rechazo en contra a la agresi\u00f3n de la que fue v\u00edctima el ciudadano Carlos D\u00edaz.<\/p>\n<p>\u00abLa Rep\u00fablica Bolivariana de Venezuela, fiel a su compromiso internacional con la promoci\u00f3n, protecci\u00f3n y defensa de los Derechos Humanos, repudia categ\u00f3ricamente esta acci\u00f3n policial que evidencia una expl\u00edcita violaci\u00f3n a los derechos de nuestro connacional\u00bb, dice parte del comunicado del Ejecutivo venezolano.<\/p>\n<p>\u00abEl Gobierno de Venezuela exige al Gobierno de Chile una exhaustiva investigaci\u00f3n sobre este caso, y determine las responsabilidades a que hubiere lugar por uso excesivo de la fuerza p\u00fablica y detenci\u00f3n arbitraria de un ciudadano venezolano, vulnerando gravemente sus derechos fundamentales\u00bb, enfatiza.<\/p>\n<p>Este viernes, el Gobierno Chile rechaz\u00f3 de forma categ\u00f3rica las denuncias hechas por el Ministerio de Relaciones Exteriores de la Rep\u00fablica Bolivariana de Venezuela que se refiere a la detenci\u00f3n y abuso policial por parte de Carabineros de Chile del ciudadano venezolano Carlos D\u00edaz.<\/p>\n<p>\u00abEl Gobierno de Chile condena todo abuso policial. Respecto a esta situaci\u00f3n, cabe se\u00f1alar que, tan pronto fueron conocidos los hechos, las autoridades y Carabineros impartieron las instrucciones pertinentes para dar inicio a una inmediata investigaci\u00f3n de lo sucedido (&#8230;)\u00bb, precis\u00f3 una nota del Ministerio de Relaciones Exteriores.<\/p>\n<hr \/>\n<h6>Fuente: 2001.com.ve<\/h6>\n<h6>Observatorio de Medios del Centro de Saberes Africanos, Americanos y Caribe\u00f1os<\/h6>\n","protected":false},"excerpt":{"rendered":"<p>El Instituto Nacional de Derechos Humanos (Indh) de Chile present\u00f3 una querella en contra de carabineros por apremios ileg\u00edtimos causados a dos migrantes, un venezolano y un haitiano, informaron este [&hellip;]<\/p>\n","protected":false},"author":4,"featured_media":1941,"comment_status":"open","ping_status":"closed","sticky":false,"template":"","format":"standard","meta":{"_acf_changed":false,"_EventAllDay":false,"_EventTimezone":"","_EventStartDate":"","_EventEndDate":"","_EventStartDateUTC":"","_EventEndDateUTC":"","_EventShowMap":false,"_EventShowMapLink":false,"_EventURL":"","_EventCost":"","_EventCostDescription":"","_EventCurrencySymbol":"","_EventCurrencyCode":"","_EventCurrencyPosition":"","_EventDateTimeSeparator":"","_EventTimeRangeSeparator":"","_EventOrganizerID":[],"_EventVenueID":[],"_OrganizerEmail":"","_OrganizerPhone":"","_OrganizerWebsite":"","_VenueAddress":"","_VenueCity":"","_VenueCountry":"","_VenueProvince":"","_VenueState":"","_VenueZip":"","_VenuePhone":"","_VenueURL":"","_VenueStateProvince":"","_VenueLat":"","_VenueLng":"","_VenueShowMap":false,"_VenueShowMapLink":false,"footnotes":""},"categories":[3],"tags":[],"class_list":["post-1942","post","type-post","status-publish","format-standard","has-post-thumbnail","hentry","category-politica"],"blocksy_meta":[],"acf":[],"_links":{"self":[{"href":"https:\/\/sabereswp.saberesafricanos.net\/index.php\/wp-json\/wp\/v2\/posts\/1942","targetHints":{"allow":["GET"]}}],"collection":[{"href":"https:\/\/sabereswp.saberesafricanos.net\/index.php\/wp-json\/wp\/v2\/posts"}],"about":[{"href":"https:\/\/sabereswp.saberesafricanos.net\/index.php\/wp-json\/wp\/v2\/types\/post"}],"author":[{"embeddable":true,"href":"https:\/\/sabereswp.saberesafricanos.net\/index.php\/wp-json\/wp\/v2\/users\/4"}],"replies":[{"embeddable":true,"href":"https:\/\/sabereswp.saberesafricanos.net\/index.php\/wp-json\/wp\/v2\/comments?post=1942"}],"version-history":[{"count":0,"href":"https:\/\/sabereswp.saberesafricanos.net\/index.php\/wp-json\/wp\/v2\/posts\/1942\/revisions"}],"wp:featuredmedia":[{"embeddable":true,"href":"https:\/\/sabereswp.saberesafricanos.net\/index.php\/wp-json\/wp\/v2\/media\/1941"}],"wp:attachment":[{"href":"https:\/\/sabereswp.saberesafricanos.net\/index.php\/wp-json\/wp\/v2\/media?parent=1942"}],"wp:term":[{"taxonomy":"category","embeddable":true,"href":"https:\/\/sabereswp.saberesafricanos.net\/index.php\/wp-json\/wp\/v2\/categories?post=1942"},{"taxonomy":"post_tag","embeddable":true,"href":"https:\/\/sabereswp.saberesafricanos.net\/index.php\/wp-json\/wp\/v2\/tags?post=1942"}],"curies":[{"name":"wp","href":"https:\/\/api.w.org\/{rel}","templated":true}]}}