{"id":1944,"date":"2016-10-31T09:48:55","date_gmt":"2016-10-31T13:48:55","guid":{"rendered":"https:\/\/sabereswp.saberesafricanos.net\/index.php\/2016\/10\/31\/inicia-i-convencion-internacional-de-ciencia-y-tecnologia-en-cuba\/"},"modified":"2016-10-31T09:48:55","modified_gmt":"2016-10-31T13:48:55","slug":"inicia-i-convencion-internacional-de-ciencia-y-tecnologia-en-cuba","status":"publish","type":"post","link":"https:\/\/sabereswp.saberesafricanos.net\/index.php\/2016\/10\/31\/inicia-i-convencion-internacional-de-ciencia-y-tecnologia-en-cuba\/","title":{"rendered":"Inicia I Convenci\u00f3n Internacional de Ciencia y Tecnolog\u00eda en Cuba"},"content":{"rendered":"<p><img decoding=\"async\" class=\" size-full wp-image-1943\" src=\"https:\/\/sabereswp.saberesafricanos.net\/wp-content\/uploads\/2016\/10\/I-Convencion-Internacional-de-Ciencia-y-Tecnologia-21e.jpg\" alt=\"I Convenci\u00f3n Internacional de Ciencia y Tecnolog\u00eda\" width=\"100%\" height=\"NaN\" style=\"border: 2px solid #ffffff; display: block; margin-left: auto; margin-right: auto;\" srcset=\"https:\/\/sabereswp.saberesafricanos.net\/wp-content\/uploads\/2016\/10\/I-Convencion-Internacional-de-Ciencia-y-Tecnologia-21e.jpg 1400w, https:\/\/sabereswp.saberesafricanos.net\/wp-content\/uploads\/2016\/10\/I-Convencion-Internacional-de-Ciencia-y-Tecnologia-21e-300x96.jpg 300w, https:\/\/sabereswp.saberesafricanos.net\/wp-content\/uploads\/2016\/10\/I-Convencion-Internacional-de-Ciencia-y-Tecnologia-21e-1024x329.jpg 1024w, https:\/\/sabereswp.saberesafricanos.net\/wp-content\/uploads\/2016\/10\/I-Convencion-Internacional-de-Ciencia-y-Tecnologia-21e-768x247.jpg 768w\" sizes=\"(max-width: 1400px) 100vw, 1400px\" \/><\/p>\n<p>La I Convenci\u00f3n Internacional de Ciencia y Tecnolog\u00eda arranca hoy aqu\u00ed con m\u00e1s de mil delegados de todas latitudes y un abarcador programa cient\u00edfico que incluye 10 eventos, con 750 ponencias y adem\u00e1s una feria expositiva.<\/p>\n<p>Auspiciada el Ministerio cubano de Ciencia, Tecnolog\u00eda y Medio Ambiente (Citma), la cita, seg\u00fan sus organizadores, va m\u00e1s all\u00e1 de considerarse un evento cient\u00edfico. Es integral, abarca la innovaci\u00f3n desde la idea hasta la comercializaci\u00f3n del producto, y concibe la ciencia y su aplicaci\u00f3n a la sociedad.<\/p>\n<p>Varias personalidades distinguen el evento, entre ellas Alberto Maj\u00f3, secretario general del Programa Iberoamericano de Ciencia y Tecnolog\u00eda para el Desarrollo (Cyted), y Anil Kumar, vicepresidente ejecutivo de la Fundaci\u00f3n Nacional de Innovaci\u00f3n de la India, quien impartir\u00e1 una conferencia en la jornada inaugural.<\/p>\n<p>Tambi\u00e9n en la sesi\u00f3n apertura, el cient\u00edfico cubano Agust\u00edn Lage, director del Centro de Inmunolog\u00eda Molecular, disertar\u00e1 sobre: \u00bfQu\u00e9 podemos aprender de la experiencia de la Biotecnolog\u00eda en Cuba?&nbsp;<\/p>\n<p>La cita, que se extender\u00e1 hasta el viernes, incluye entre sus eventos el I Congreso Internacional de ciencia e innovaci\u00f3n inclusivas para el desarrollo sostenible, y el XIV Congreso Internacional de Informaci\u00f3n.<\/p>\n<p>Uno de los atractivos ser\u00e1 el Foro estudiantil Ciencia joven inclusiva y transformadora con la participaci\u00f3n de 100 personas de este grupo poblacional.<\/p>\n<p>Al programa te\u00f3rico se suma el Taller Internacional gesti\u00f3n de la ciencia y tecnolog\u00eda para el enfrentamiento al cambio clim\u00e1tico y el de Ciencia cubana: mujeres creadoras.<\/p>\n<p>M\u00e1s de 800 delegados participar\u00e1n, entre ellos representantes latinoamericanos de Ecuador, Venezuela, Colombia, Puerto Rico, Brasil, Bolivia, Chile, Uruguay, M\u00e9xico, Guatemala, Per\u00fa, Argentina, Costa Rica y Panam\u00e1.<\/p>\n<p>Europa tendr\u00e1 investigadores de Rusia, Finlandia, Holanda, B\u00e9lgica, Reino Unido, Hungr\u00eda, Austria, Espa\u00f1a, mientras que de otras latitudes estar\u00e1n presentes expertos de China, India, Marruecos, Etiop\u00eda, Angola, Emiratos Arabes Unidos, Sri Lanka, Zenegal y Seicheles.<\/p>\n<hr \/>\n<h6>Fuente: Prensa Latina<\/h6>\n<h6>Observatorio de Medios del Centro de Saberes Africanos, Americanos y Caribe\u00f1os<\/h6>\n","protected":false},"excerpt":{"rendered":"<p>La I Convenci\u00f3n Internacional de Ciencia y Tecnolog\u00eda arranca hoy aqu\u00ed con m\u00e1s de mil delegados de todas latitudes y un abarcador programa cient\u00edfico que incluye 10 eventos, con 750 [&hellip;]<\/p>\n","protected":false},"author":3,"featured_media":1943,"comment_status":"open","ping_status":"closed","sticky":false,"template":"","format":"standard","meta":{"_acf_changed":false,"_EventAllDay":false,"_EventTimezone":"","_EventStartDate":"","_EventEndDate":"","_EventStartDateUTC":"","_EventEndDateUTC":"","_EventShowMap":false,"_EventShowMapLink":false,"_EventURL":"","_EventCost":"","_EventCostDescription":"","_EventCurrencySymbol":"","_EventCurrencyCode":"","_EventCurrencyPosition":"","_EventDateTimeSeparator":"","_EventTimeRangeSeparator":"","_EventOrganizerID":[],"_EventVenueID":[],"_OrganizerEmail":"","_OrganizerPhone":"","_OrganizerWebsite":"","_VenueAddress":"","_VenueCity":"","_VenueCountry":"","_VenueProvince":"","_VenueState":"","_VenueZip":"","_VenuePhone":"","_VenueURL":"","_VenueStateProvince":"","_VenueLat":"","_VenueLng":"","_VenueShowMap":false,"_VenueShowMapLink":false,"footnotes":""},"categories":[3],"tags":[],"class_list":["post-1944","post","type-post","status-publish","format-standard","has-post-thumbnail","hentry","category-politica"],"blocksy_meta":[],"acf":[],"_links":{"self":[{"href":"https:\/\/sabereswp.saberesafricanos.net\/index.php\/wp-json\/wp\/v2\/posts\/1944","targetHints":{"allow":["GET"]}}],"collection":[{"href":"https:\/\/sabereswp.saberesafricanos.net\/index.php\/wp-json\/wp\/v2\/posts"}],"about":[{"href":"https:\/\/sabereswp.saberesafricanos.net\/index.php\/wp-json\/wp\/v2\/types\/post"}],"author":[{"embeddable":true,"href":"https:\/\/sabereswp.saberesafricanos.net\/index.php\/wp-json\/wp\/v2\/users\/3"}],"replies":[{"embeddable":true,"href":"https:\/\/sabereswp.saberesafricanos.net\/index.php\/wp-json\/wp\/v2\/comments?post=1944"}],"version-history":[{"count":0,"href":"https:\/\/sabereswp.saberesafricanos.net\/index.php\/wp-json\/wp\/v2\/posts\/1944\/revisions"}],"wp:featuredmedia":[{"embeddable":true,"href":"https:\/\/sabereswp.saberesafricanos.net\/index.php\/wp-json\/wp\/v2\/media\/1943"}],"wp:attachment":[{"href":"https:\/\/sabereswp.saberesafricanos.net\/index.php\/wp-json\/wp\/v2\/media?parent=1944"}],"wp:term":[{"taxonomy":"category","embeddable":true,"href":"https:\/\/sabereswp.saberesafricanos.net\/index.php\/wp-json\/wp\/v2\/categories?post=1944"},{"taxonomy":"post_tag","embeddable":true,"href":"https:\/\/sabereswp.saberesafricanos.net\/index.php\/wp-json\/wp\/v2\/tags?post=1944"}],"curies":[{"name":"wp","href":"https:\/\/api.w.org\/{rel}","templated":true}]}}