{"id":1946,"date":"2016-10-31T10:00:58","date_gmt":"2016-10-31T14:00:58","guid":{"rendered":"https:\/\/sabereswp.saberesafricanos.net\/index.php\/2016\/10\/31\/michel-aoun-elegido-como-presidente-de-el-libano\/"},"modified":"2016-10-31T10:00:58","modified_gmt":"2016-10-31T14:00:58","slug":"michel-aoun-elegido-como-presidente-de-el-libano","status":"publish","type":"post","link":"https:\/\/sabereswp.saberesafricanos.net\/index.php\/2016\/10\/31\/michel-aoun-elegido-como-presidente-de-el-libano\/","title":{"rendered":"Michel Aoun, elegido como presidente de El L\u00edbano"},"content":{"rendered":"<p><img loading=\"lazy\" decoding=\"async\" class=\" size-full wp-image-1945\" src=\"https:\/\/sabereswp.saberesafricanos.net\/wp-content\/uploads\/2016\/10\/Michel-Aoun-0b2.jpg\" alt=\"presidente de El L\u00edbano Michel Aoun\" width=\"600\" height=\"383\" style=\"border: 2px solid #ffffff; display: block; margin-left: auto; margin-right: auto;\" srcset=\"https:\/\/sabereswp.saberesafricanos.net\/wp-content\/uploads\/2016\/10\/Michel-Aoun-0b2.jpg 780w, https:\/\/sabereswp.saberesafricanos.net\/wp-content\/uploads\/2016\/10\/Michel-Aoun-0b2-300x192.jpg 300w, https:\/\/sabereswp.saberesafricanos.net\/wp-content\/uploads\/2016\/10\/Michel-Aoun-0b2-768x490.jpg 768w\" sizes=\"auto, (max-width: 600px) 100vw, 600px\" \/><\/p>\n<p>El Parlamento liban\u00e9s ha votado este lunes a favor de la presidencia de Michel Aoun para el pa\u00eds \u00e1rabe.<\/p>\n<p>Desde 2014, cuando termin\u00f3 el mandato del Gobierno del presidente Michel Suleiman, El L\u00edbano carece de presidente y el Parlamento del pa\u00eds ha fracasado repetidamente en elegir a otro nuevo, debido a la falta de consenso entre los miembros, rese\u00f1\u00f3 Hispan TV.<\/p>\n<p>Para ser elegido en la 46\u00aa reuni\u00f3n del Parlamento, organizada para elegir presidente, Aoun necesitaba una mayor\u00eda absoluta de los 128 diputados libaneses, lo que se ha asegurado con los votos de Saad Hariri, Hezbol\u00e1 y las Fuerzas Libanesas.<\/p>\n<hr \/>\n<h6>Fuente: VTV<\/h6>\n<h6>Observatorio de Medios del Centro de Saberes Africanos, Americanos y Caribe\u00f1os<\/h6>\n<p>&nbsp;<\/p>\n","protected":false},"excerpt":{"rendered":"<p>El Parlamento liban\u00e9s ha votado este lunes a favor de la presidencia de Michel Aoun para el pa\u00eds \u00e1rabe. Desde 2014, cuando termin\u00f3 el mandato del Gobierno del presidente Michel [&hellip;]<\/p>\n","protected":false},"author":3,"featured_media":1945,"comment_status":"open","ping_status":"closed","sticky":false,"template":"","format":"standard","meta":{"_acf_changed":false,"_EventAllDay":false,"_EventTimezone":"","_EventStartDate":"","_EventEndDate":"","_EventStartDateUTC":"","_EventEndDateUTC":"","_EventShowMap":false,"_EventShowMapLink":false,"_EventURL":"","_EventCost":"","_EventCostDescription":"","_EventCurrencySymbol":"","_EventCurrencyCode":"","_EventCurrencyPosition":"","_EventDateTimeSeparator":"","_EventTimeRangeSeparator":"","_EventOrganizerID":[],"_EventVenueID":[],"_OrganizerEmail":"","_OrganizerPhone":"","_OrganizerWebsite":"","_VenueAddress":"","_VenueCity":"","_VenueCountry":"","_VenueProvince":"","_VenueState":"","_VenueZip":"","_VenuePhone":"","_VenueURL":"","_VenueStateProvince":"","_VenueLat":"","_VenueLng":"","_VenueShowMap":false,"_VenueShowMapLink":false,"footnotes":""},"categories":[3],"tags":[],"class_list":["post-1946","post","type-post","status-publish","format-standard","has-post-thumbnail","hentry","category-politica"],"blocksy_meta":[],"acf":[],"_links":{"self":[{"href":"https:\/\/sabereswp.saberesafricanos.net\/index.php\/wp-json\/wp\/v2\/posts\/1946","targetHints":{"allow":["GET"]}}],"collection":[{"href":"https:\/\/sabereswp.saberesafricanos.net\/index.php\/wp-json\/wp\/v2\/posts"}],"about":[{"href":"https:\/\/sabereswp.saberesafricanos.net\/index.php\/wp-json\/wp\/v2\/types\/post"}],"author":[{"embeddable":true,"href":"https:\/\/sabereswp.saberesafricanos.net\/index.php\/wp-json\/wp\/v2\/users\/3"}],"replies":[{"embeddable":true,"href":"https:\/\/sabereswp.saberesafricanos.net\/index.php\/wp-json\/wp\/v2\/comments?post=1946"}],"version-history":[{"count":0,"href":"https:\/\/sabereswp.saberesafricanos.net\/index.php\/wp-json\/wp\/v2\/posts\/1946\/revisions"}],"wp:featuredmedia":[{"embeddable":true,"href":"https:\/\/sabereswp.saberesafricanos.net\/index.php\/wp-json\/wp\/v2\/media\/1945"}],"wp:attachment":[{"href":"https:\/\/sabereswp.saberesafricanos.net\/index.php\/wp-json\/wp\/v2\/media?parent=1946"}],"wp:term":[{"taxonomy":"category","embeddable":true,"href":"https:\/\/sabereswp.saberesafricanos.net\/index.php\/wp-json\/wp\/v2\/categories?post=1946"},{"taxonomy":"post_tag","embeddable":true,"href":"https:\/\/sabereswp.saberesafricanos.net\/index.php\/wp-json\/wp\/v2\/tags?post=1946"}],"curies":[{"name":"wp","href":"https:\/\/api.w.org\/{rel}","templated":true}]}}