{"id":1948,"date":"2016-10-31T10:26:34","date_gmt":"2016-10-31T14:26:34","guid":{"rendered":"https:\/\/sabereswp.saberesafricanos.net\/index.php\/2016\/10\/31\/cristina-kirchner-denuncio-operacion-judicial-en-su-contra\/"},"modified":"2016-10-31T10:26:34","modified_gmt":"2016-10-31T14:26:34","slug":"cristina-kirchner-denuncio-operacion-judicial-en-su-contra","status":"publish","type":"post","link":"https:\/\/sabereswp.saberesafricanos.net\/index.php\/2016\/10\/31\/cristina-kirchner-denuncio-operacion-judicial-en-su-contra\/","title":{"rendered":"Cristina Kirchner denunci\u00f3 operaci\u00f3n judicial en su contra"},"content":{"rendered":"<p><img loading=\"lazy\" decoding=\"async\" class=\" size-full wp-image-1947\" src=\"https:\/\/sabereswp.saberesafricanos.net\/wp-content\/uploads\/2016\/10\/Cristtina-ce5.jpg\" alt=\"Cristina Kirchner\" width=\"600\" height=\"392\" style=\"border: 2px solid #ffffff; display: block; margin-left: auto; margin-right: auto;\" srcset=\"https:\/\/sabereswp.saberesafricanos.net\/wp-content\/uploads\/2016\/10\/Cristtina-ce5.jpg 620w, https:\/\/sabereswp.saberesafricanos.net\/wp-content\/uploads\/2016\/10\/Cristtina-ce5-300x196.jpg 300w\" sizes=\"auto, (max-width: 600px) 100vw, 600px\" \/><\/p>\n<p>Diferentes organizaciones se concentran hoy cerca de los tribunales de Comodoro Py para respaldar a la ex presidenta argentina Cristina Fern\u00e1ndez, quien rinde declaratoria en una causa en la que se le adjudica favorecer una obra p\u00fablica.<\/p>\n<p>La exmandataria fue citada por el juez Juli\u00e1n Ercolini en un hecho en el que se le atribuye supuestas irregularidades en la adjudicaci\u00f3n de obras p\u00fablicas al empresario L\u00e1zaro B\u00e1ez en la provincia de Santa Cruz durante su presidencia.<\/p>\n<p>&#8216;Algo ins\u00f3lito, hay m\u00e1s polic\u00edas que jueces en los tribunales federales&#8217;, reportaba m\u00e1s temprano el canal de noticias de televisi\u00f3n Cr\u00f3nica al referirse al fuerte operativo de seguridad, que rodea el sitio donde la ex dignataria se encuentra declarando y donde fueron desplegados unos 300 efectivos.<\/p>\n<p>Entre los presentes que llegaron para respaldar a Fern\u00e1ndez se encuentra el secretario general de la Central de Trabajadores de Argentina, Hugo Yasky, quien se\u00f1al\u00f3 al canal C5N que &#8216;la persecuci\u00f3n a Cristina es la forma de proscripci\u00f3n en esta \u00e9poca actual a lo que fue el peronismo en el siglo pasado&#8217;.<\/p>\n<p>Sent\u00ed la obligaci\u00f3n de estar ac\u00e1, junto a muchos gremios, junto a los sectores m\u00e1s castigados por esta pol\u00edtica de ajuste. Hemos perdido este a\u00f1o 10 puntos de salario, dijo.<\/p>\n<p>Eso solo tendr\u00eda que servir para tener claro que hay que defender a quien junto con N\u00e9stor Kirchner, permitieron 12 a\u00f1os de negociaciones salariales libres, enfatiz\u00f3.<\/p>\n<p>La defensa de Fern\u00e1ndez hab\u00eda pedido anular la indagatoria se\u00f1alando, por ejemplo, que el dictamen de los fiscales Gerardo Pollicita e Ignacio Mahiques se basa en hechos no judiciables sino pol\u00edticos, como asignar partidas presupuestarias, o personales, como conocer a un empresario, aunque la presentaci\u00f3n aclara que ella no ten\u00eda amistad con B\u00e1ez, report\u00f3 el peri\u00f3dico P\u00e1gina 12.<\/p>\n<p>El juez Ercolini cit\u00f3 a indagatoria judicial a la ex presidenta, a quien adem\u00e1s le inhibi\u00f3 todos sus bienes junto a otros 15 funcionarios de su gobierno, en la causa que inici\u00f3 la diputada Elisa Carri\u00f3 en 2008.<\/p>\n<p>La propia ex dignataria ha insistido con el pedido de la creaci\u00f3n en el Congreso de una comisi\u00f3n bicameral que realice una auditor\u00eda de la obra p\u00fablica en todo el pa\u00eds durante su gesti\u00f3n al mando del Ejecutivo.<\/p>\n<p>La l\u00edder pol\u00edtica lleg\u00f3 anoche a la capital y en un escrito publicado en la red social Facebook apunt\u00f3 que arribando al aeropuerto le informaron que el juez federal Claudio Bonad\u00edo allanar\u00eda su casa de R\u00edo Gallegos hoy.<\/p>\n<p>&#8216;\u00bfSer\u00e1 cierto? Revelar\u00eda una sincronizaci\u00f3n asombrosa con el juez Ercolini que, justamente, me cit\u00f3 a indagatoria por una causa que el mismo fiscal y el mismo juez tienen hace ocho a\u00f1os y que decidieron exhumarla&#8217;, apunt\u00f3 la ex gobernante.<\/p>\n<p>La causa, agreg\u00f3, es m\u00e1s disparatada a\u00fan que la de &#8216;d\u00f3lar futuro&#8217; (en referencia a otra que se le imputa y que la llev\u00f3 tambi\u00e9n a declarar en los tribunales). En fin, delicias del Partido Judicial, ironiz\u00f3.<\/p>\n<p>Asimismo afirm\u00f3 que la persecuci\u00f3n y la sa\u00f1a que llevan adelante contra su persona es sin l\u00edmites e in\u00e9dita desde la vuelta a la democracia.<\/p>\n<p>Subray\u00f3 que con esto el presidente Mauricio Macri &#8216;creer\u00e1 que puede tapar la cat\u00e1strofe social y econ\u00f3mica que se respira en la calle, y que ha sido provocada por sus medidas econ\u00f3micas&#8217;. De las instituciones, se\u00f1al\u00f3, mejor ni hablar.<\/p>\n<p>Se prev\u00e9 que tras su declaraci\u00f3n en los tribunales, Fern\u00e1ndez brinde una rueda de prensa.<\/p>\n<hr \/>\n<h6>Fuente: VTV<\/h6>\n<h6>Observatorio de Medios del Centro de Saberes Africanos, Americanos y Caribe\u00f1os<\/h6>\n","protected":false},"excerpt":{"rendered":"<p>Diferentes organizaciones se concentran hoy cerca de los tribunales de Comodoro Py para respaldar a la ex presidenta argentina Cristina Fern\u00e1ndez, quien rinde declaratoria en una causa en la que [&hellip;]<\/p>\n","protected":false},"author":3,"featured_media":1947,"comment_status":"open","ping_status":"closed","sticky":false,"template":"","format":"standard","meta":{"_acf_changed":false,"_EventAllDay":false,"_EventTimezone":"","_EventStartDate":"","_EventEndDate":"","_EventStartDateUTC":"","_EventEndDateUTC":"","_EventShowMap":false,"_EventShowMapLink":false,"_EventURL":"","_EventCost":"","_EventCostDescription":"","_EventCurrencySymbol":"","_EventCurrencyCode":"","_EventCurrencyPosition":"","_EventDateTimeSeparator":"","_EventTimeRangeSeparator":"","_EventOrganizerID":[],"_EventVenueID":[],"_OrganizerEmail":"","_OrganizerPhone":"","_OrganizerWebsite":"","_VenueAddress":"","_VenueCity":"","_VenueCountry":"","_VenueProvince":"","_VenueState":"","_VenueZip":"","_VenuePhone":"","_VenueURL":"","_VenueStateProvince":"","_VenueLat":"","_VenueLng":"","_VenueShowMap":false,"_VenueShowMapLink":false,"footnotes":""},"categories":[3],"tags":[],"class_list":["post-1948","post","type-post","status-publish","format-standard","has-post-thumbnail","hentry","category-politica"],"blocksy_meta":[],"acf":[],"_links":{"self":[{"href":"https:\/\/sabereswp.saberesafricanos.net\/index.php\/wp-json\/wp\/v2\/posts\/1948","targetHints":{"allow":["GET"]}}],"collection":[{"href":"https:\/\/sabereswp.saberesafricanos.net\/index.php\/wp-json\/wp\/v2\/posts"}],"about":[{"href":"https:\/\/sabereswp.saberesafricanos.net\/index.php\/wp-json\/wp\/v2\/types\/post"}],"author":[{"embeddable":true,"href":"https:\/\/sabereswp.saberesafricanos.net\/index.php\/wp-json\/wp\/v2\/users\/3"}],"replies":[{"embeddable":true,"href":"https:\/\/sabereswp.saberesafricanos.net\/index.php\/wp-json\/wp\/v2\/comments?post=1948"}],"version-history":[{"count":0,"href":"https:\/\/sabereswp.saberesafricanos.net\/index.php\/wp-json\/wp\/v2\/posts\/1948\/revisions"}],"wp:featuredmedia":[{"embeddable":true,"href":"https:\/\/sabereswp.saberesafricanos.net\/index.php\/wp-json\/wp\/v2\/media\/1947"}],"wp:attachment":[{"href":"https:\/\/sabereswp.saberesafricanos.net\/index.php\/wp-json\/wp\/v2\/media?parent=1948"}],"wp:term":[{"taxonomy":"category","embeddable":true,"href":"https:\/\/sabereswp.saberesafricanos.net\/index.php\/wp-json\/wp\/v2\/categories?post=1948"},{"taxonomy":"post_tag","embeddable":true,"href":"https:\/\/sabereswp.saberesafricanos.net\/index.php\/wp-json\/wp\/v2\/tags?post=1948"}],"curies":[{"name":"wp","href":"https:\/\/api.w.org\/{rel}","templated":true}]}}