{"id":1975,"date":"2016-11-01T18:36:27","date_gmt":"2016-11-01T22:36:27","guid":{"rendered":"https:\/\/sabereswp.saberesafricanos.net\/index.php\/2016\/11\/01\/en-marcha-diplomados-en-saberes-africano-caribe-y-luchas-antiimperialistas\/"},"modified":"2016-11-01T18:36:27","modified_gmt":"2016-11-01T22:36:27","slug":"en-marcha-diplomados-en-saberes-africano-caribe-y-luchas-antiimperialistas","status":"publish","type":"post","link":"https:\/\/sabereswp.saberesafricanos.net\/index.php\/2016\/11\/01\/en-marcha-diplomados-en-saberes-africano-caribe-y-luchas-antiimperialistas\/","title":{"rendered":"En marcha diplomados en Saberes Africanos, Caribe y luchas antiimperialistas"},"content":{"rendered":"<p><img loading=\"lazy\" decoding=\"async\" class=\" size-full wp-image-1973\" src=\"https:\/\/sabereswp.saberesafricanos.net\/wp-content\/uploads\/2016\/11\/inauguracion-diplomados1_1-6ae.JPG\" alt=\"\" width=\"750\" height=\"563\" style=\"border: 2px solid #ffffff; display: block; margin-left: auto; margin-right: auto;\" srcset=\"https:\/\/sabereswp.saberesafricanos.net\/wp-content\/uploads\/2016\/11\/inauguracion-diplomados1_1-6ae.JPG 1632w, https:\/\/sabereswp.saberesafricanos.net\/wp-content\/uploads\/2016\/11\/inauguracion-diplomados1_1-6ae-300x225.jpg 300w, https:\/\/sabereswp.saberesafricanos.net\/wp-content\/uploads\/2016\/11\/inauguracion-diplomados1_1-6ae-1024x768.jpg 1024w, https:\/\/sabereswp.saberesafricanos.net\/wp-content\/uploads\/2016\/11\/inauguracion-diplomados1_1-6ae-768x576.jpg 768w, https:\/\/sabereswp.saberesafricanos.net\/wp-content\/uploads\/2016\/11\/inauguracion-diplomados1_1-6ae-1536x1152.jpg 1536w\" sizes=\"auto, (max-width: 750px) 100vw, 750px\" \/><\/p>\n<p>El 25 de octubre se iniciaron los cursos de los diplomados que imparte el Instituto de Investigaciones sobre \u00c1frica y su Di\u00e1spora (Centro de Saberes Africanos, Americanos y Caribe\u00f1os). En la actividad inaugural estuvieron presentes el Director Fundador de la Instituci\u00f3n Reinaldo Bol\u00edvar, el embajador de la Rep\u00fablica de Ecuador en Venezuela Rafael Quintero, representantes &nbsp;diplom\u00e1ticos de las Rep\u00fablicas de Angola, Egipto y Nigeria, el cuerpo directivo, profesores y estudiantes del prestigioso Centro de Saberes, primera casa de estudio e investigaci\u00f3n en su tipo en Venezuela y Nuestra Am\u00e9rica.<\/p>\n<p>La clase magistral estuvo a cargo del Doctor Marcel Ross quien hizo un impactante panorama de las luchas antiimperialistas en \u00c1frica y Am\u00e9rica, acentuando hoy m\u00e1s que nunca su vigencia.<\/p>\n<p>El primero de los diplomados inaugurados fue el de \u201cSaberes Africanos\u201d que comenz\u00f3 este a\u00f1o su quinta cohorte. En \u00e9l los cursantes se encuentran con la Historia y Geograf\u00eda de \u00c1frica; los procesos pol\u00edticos &nbsp;de \u00c1frica y su Di\u00e1spora; el Panafricanismo y Arabismo en el Mundo; cultura, ciencia, tecnolog\u00eda y sociedad; y los procesos de integraci\u00f3n y cooperaci\u00f3n en el Continente Madre. Este Diplomado cuenta con los m\u00e1s destacados docentes e investigadores como Reinaldo Bol\u00edvar, Jer\u00f3nimo S\u00e1nchez, Oscar Godoy, Jos\u00e9 Antonio Ejido, Basem Tajeldine y Beatriz Aiffil<\/p>\n<p>El segundo diplomado es el de Estudios del Caribe Insular, que recibe ya a su tercera cohorte de estudiantes para adentrarlos la historia, geograf\u00eda, identidad, pensamiento pol\u00edtico, religiones, identidad, cultura y relaciones internacionales de las naciones insulares del Caribe que contara con los profesores Bel\u00e9n Orsini, Meyby Ugueto, .Reinaldo Bol\u00edvar, Soraya Yaracuna, Grecia Melero, &nbsp;Dionys Rivas y &nbsp;Francisco Gonzales<\/p>\n<p>Para concluir la bater\u00eda de estos diplomados, el Centro de Saberes, ha abierto el Curso de Luchas Antiimperialistas en Nuestra Am\u00e9rica, &nbsp;donde se impartir\u00e1n clases de Pensamiento marxista, la Revoluci\u00f3n Cubana, el Neoliberalismo y &nbsp;los gobiernos progresistas en Nuestra Am\u00e9rica. Marcel Roo, Miguel Espinoza, Jonathan Palaz Y Gustavo Bastardo ser\u00e1n los encargados de impartir los m\u00f3dulos del diplomado.<\/p>\n<p><img loading=\"lazy\" decoding=\"async\" class=\" size-full wp-image-1974\" src=\"https:\/\/sabereswp.saberesafricanos.net\/wp-content\/uploads\/2016\/11\/inauguracion-diplomado3_1-7b9.JPG\" alt=\"\" width=\"750\" height=\"563\" style=\"border: 2px solid #ffffff; display: block; margin-left: auto; margin-right: auto;\" srcset=\"https:\/\/sabereswp.saberesafricanos.net\/wp-content\/uploads\/2016\/11\/inauguracion-diplomado3_1-7b9.JPG 1632w, https:\/\/sabereswp.saberesafricanos.net\/wp-content\/uploads\/2016\/11\/inauguracion-diplomado3_1-7b9-300x225.jpg 300w, https:\/\/sabereswp.saberesafricanos.net\/wp-content\/uploads\/2016\/11\/inauguracion-diplomado3_1-7b9-1024x768.jpg 1024w, https:\/\/sabereswp.saberesafricanos.net\/wp-content\/uploads\/2016\/11\/inauguracion-diplomado3_1-7b9-768x576.jpg 768w, https:\/\/sabereswp.saberesafricanos.net\/wp-content\/uploads\/2016\/11\/inauguracion-diplomado3_1-7b9-1536x1152.jpg 1536w\" sizes=\"auto, (max-width: 750px) 100vw, 750px\" \/><\/p>\n<p>Este a\u00f1o, adem\u00e1s de las personalidades invitadas a dictar conferencias, los cursantes tendr\u00e1n la oportunidad de intercambiar con especialistas y profesionales que laboran en \u00c1frica y el Caribe a trav\u00e9s de videos conferencias, gracias a modernas instalaciones con que cuenta la sede Acad\u00e9mica del Centro de Saberes Africanos Americanos y Caribe\u00f1os, la instituci\u00f3n &nbsp;de mayor avanzada y seriedad en la investigaci\u00f3n estrat\u00e9gica y formaci\u00f3n de africanistas en Venezuela y Nuestra Am\u00e9rica.ca Bolivariana de Venezuela<\/p>\n<hr \/>\n<p>Observatorio de Medios del Centro de Saberes Africanos, Americanos y Caribe\u00f1os<\/p>\n","protected":false},"excerpt":{"rendered":"<p>El 25 de octubre se iniciaron los cursos de los diplomados que imparte el Instituto de Investigaciones sobre \u00c1frica y su Di\u00e1spora (Centro de Saberes Africanos, Americanos y Caribe\u00f1os). En [&hellip;]<\/p>\n","protected":false},"author":3,"featured_media":1973,"comment_status":"open","ping_status":"closed","sticky":false,"template":"","format":"standard","meta":{"_acf_changed":false,"_EventAllDay":false,"_EventTimezone":"","_EventStartDate":"","_EventEndDate":"","_EventStartDateUTC":"","_EventEndDateUTC":"","_EventShowMap":false,"_EventShowMapLink":false,"_EventURL":"","_EventCost":"","_EventCostDescription":"","_EventCurrencySymbol":"","_EventCurrencyCode":"","_EventCurrencyPosition":"","_EventDateTimeSeparator":"","_EventTimeRangeSeparator":"","_EventOrganizerID":[],"_EventVenueID":[],"_OrganizerEmail":"","_OrganizerPhone":"","_OrganizerWebsite":"","_VenueAddress":"","_VenueCity":"","_VenueCountry":"","_VenueProvince":"","_VenueState":"","_VenueZip":"","_VenuePhone":"","_VenueURL":"","_VenueStateProvince":"","_VenueLat":"","_VenueLng":"","_VenueShowMap":false,"_VenueShowMapLink":false,"footnotes":""},"categories":[7],"tags":[],"class_list":["post-1975","post","type-post","status-publish","format-standard","has-post-thumbnail","hentry","category-cultura"],"blocksy_meta":[],"acf":[],"_links":{"self":[{"href":"https:\/\/sabereswp.saberesafricanos.net\/index.php\/wp-json\/wp\/v2\/posts\/1975","targetHints":{"allow":["GET"]}}],"collection":[{"href":"https:\/\/sabereswp.saberesafricanos.net\/index.php\/wp-json\/wp\/v2\/posts"}],"about":[{"href":"https:\/\/sabereswp.saberesafricanos.net\/index.php\/wp-json\/wp\/v2\/types\/post"}],"author":[{"embeddable":true,"href":"https:\/\/sabereswp.saberesafricanos.net\/index.php\/wp-json\/wp\/v2\/users\/3"}],"replies":[{"embeddable":true,"href":"https:\/\/sabereswp.saberesafricanos.net\/index.php\/wp-json\/wp\/v2\/comments?post=1975"}],"version-history":[{"count":0,"href":"https:\/\/sabereswp.saberesafricanos.net\/index.php\/wp-json\/wp\/v2\/posts\/1975\/revisions"}],"wp:featuredmedia":[{"embeddable":true,"href":"https:\/\/sabereswp.saberesafricanos.net\/index.php\/wp-json\/wp\/v2\/media\/1973"}],"wp:attachment":[{"href":"https:\/\/sabereswp.saberesafricanos.net\/index.php\/wp-json\/wp\/v2\/media?parent=1975"}],"wp:term":[{"taxonomy":"category","embeddable":true,"href":"https:\/\/sabereswp.saberesafricanos.net\/index.php\/wp-json\/wp\/v2\/categories?post=1975"},{"taxonomy":"post_tag","embeddable":true,"href":"https:\/\/sabereswp.saberesafricanos.net\/index.php\/wp-json\/wp\/v2\/tags?post=1975"}],"curies":[{"name":"wp","href":"https:\/\/api.w.org\/{rel}","templated":true}]}}