{"id":1977,"date":"2016-11-02T07:44:47","date_gmt":"2016-11-02T11:44:47","guid":{"rendered":"https:\/\/sabereswp.saberesafricanos.net\/index.php\/2016\/11\/02\/genocidio-en-ruanda-comision-ruandesa-acusa-a-22-oficiales-superiores-franceses\/"},"modified":"2016-11-02T07:44:47","modified_gmt":"2016-11-02T11:44:47","slug":"genocidio-en-ruanda-comision-ruandesa-acusa-a-22-oficiales-superiores-franceses","status":"publish","type":"post","link":"https:\/\/sabereswp.saberesafricanos.net\/index.php\/2016\/11\/02\/genocidio-en-ruanda-comision-ruandesa-acusa-a-22-oficiales-superiores-franceses\/","title":{"rendered":"Genocidio en Ruanda: Comisi\u00f3n ruandesa acusa a 22 oficiales superiores franceses"},"content":{"rendered":"<p><img loading=\"lazy\" decoding=\"async\" class=\" size-full wp-image-1976\" src=\"https:\/\/sabereswp.saberesafricanos.net\/wp-content\/uploads\/2016\/11\/RwandaGenocide-a54.jpg\" alt=\"El genocidio ruandes a\u00fan debe investigarse\" style=\"border: 2px solid #ffffff; display: block; margin-left: auto; margin-right: auto;\" width=\"637\" height=\"360\" srcset=\"https:\/\/sabereswp.saberesafricanos.net\/wp-content\/uploads\/2016\/11\/RwandaGenocide-a54.jpg 637w, https:\/\/sabereswp.saberesafricanos.net\/wp-content\/uploads\/2016\/11\/RwandaGenocide-a54-300x170.jpg 300w\" sizes=\"auto, (max-width: 637px) 100vw, 637px\" \/><\/p>\n<p>Una comisi\u00f3n de Ruanda ha publicado una lista de 22 oficiales superiores franceses a los que acusa de haber participado en el genocidio de 1994, en respuesta a la decisi\u00f3n de dos jueces franceses para reabrir la investigaci\u00f3n sobre el ataque contra el ex presidente Juvenal Habyarimana.&nbsp;<\/p>\n<p><!--more--><\/p>\n<p>\u00abLos funcionarios y pol\u00edticos de alto rango franceses cometieron en Ruanda delitos muy graves\u00bb, determino la Comisi\u00f3n Nacional de Lucha contra el Genocidio (CNLG) en un informe presentado el martes titulado \u00abManejo del avi\u00f3n de Habyarimana, el ocultamiento de responsabilidad de Francia en el genocidio de Ruanda\u00bb.<\/p>\n<p>Ruanda acusa desde hace a\u00f1os la participaci\u00f3n de Francia en el genocidio, en el que murieron cerca de 800.000 civiles. El ataque del 6 de abril de 1994 al avi\u00f3n presidencial, en el que muri\u00f3 el presidente hutu Juvenal Habyarimana, se considera el detonante del genocidio. &nbsp;<\/p>\n<p>Seg\u00fan CNLG, la reciente decisi\u00f3n francesa de reabrir la investigaci\u00f3n sobre el atentado contra el avi\u00f3n de Habyarimana 6 de abril de 1994. \u00abpretende encubrir\u00bb la responsabilidad de Francia en el genocidio.<\/p>\n<p>Este comit\u00e9 elabor\u00f3 una lista de 22 oficiales superiores franceses a los que acusa de complicidad, sino tambi\u00e9n de la participaci\u00f3n en las matanzas. \u00abLos franceses estuvieron involucrados en el genocidio como autores y c\u00f3mplices,\u00bb dice la CNLG. Entre ellos, el General Jacques Lanxade, ex jefe del Estado Mayor del Ej\u00e9rcito franc\u00e9s, y el General Jean-Claude Lafourcade, quien mandaba las tropas bajo mandato de la ONU.<\/p>\n<hr \/>\n<h6 style=\"box-sizing: border-box; font-family: 'Helvetica Neue', Helvetica, Arial, sans-serif; color: #333333;\">Fuente: Jeune \u00c1frica<\/h6>\n<h6 style=\"box-sizing: border-box; font-family: 'Helvetica Neue', Helvetica, Arial, sans-serif; color: #333333;\">Observatorio de Medios del Centro de Saberes Africanos, Americanos y Caribe\u00f1os<\/h6>\n<hr \/>\n<p>&nbsp;<\/p>\n","protected":false},"excerpt":{"rendered":"<p>Una comisi\u00f3n de Ruanda ha publicado una lista de 22 oficiales superiores franceses a los que acusa de haber participado en el genocidio de 1994, en respuesta a la decisi\u00f3n [&hellip;]<\/p>\n","protected":false},"author":1,"featured_media":1976,"comment_status":"open","ping_status":"closed","sticky":false,"template":"","format":"standard","meta":{"_acf_changed":false,"_EventAllDay":false,"_EventTimezone":"","_EventStartDate":"","_EventEndDate":"","_EventStartDateUTC":"","_EventEndDateUTC":"","_EventShowMap":false,"_EventShowMapLink":false,"_EventURL":"","_EventCost":"","_EventCostDescription":"","_EventCurrencySymbol":"","_EventCurrencyCode":"","_EventCurrencyPosition":"","_EventDateTimeSeparator":"","_EventTimeRangeSeparator":"","_EventOrganizerID":[],"_EventVenueID":[],"_OrganizerEmail":"","_OrganizerPhone":"","_OrganizerWebsite":"","_VenueAddress":"","_VenueCity":"","_VenueCountry":"","_VenueProvince":"","_VenueState":"","_VenueZip":"","_VenuePhone":"","_VenueURL":"","_VenueStateProvince":"","_VenueLat":"","_VenueLng":"","_VenueShowMap":false,"_VenueShowMapLink":false,"footnotes":""},"categories":[3],"tags":[],"class_list":["post-1977","post","type-post","status-publish","format-standard","has-post-thumbnail","hentry","category-politica"],"blocksy_meta":[],"acf":[],"_links":{"self":[{"href":"https:\/\/sabereswp.saberesafricanos.net\/index.php\/wp-json\/wp\/v2\/posts\/1977","targetHints":{"allow":["GET"]}}],"collection":[{"href":"https:\/\/sabereswp.saberesafricanos.net\/index.php\/wp-json\/wp\/v2\/posts"}],"about":[{"href":"https:\/\/sabereswp.saberesafricanos.net\/index.php\/wp-json\/wp\/v2\/types\/post"}],"author":[{"embeddable":true,"href":"https:\/\/sabereswp.saberesafricanos.net\/index.php\/wp-json\/wp\/v2\/users\/1"}],"replies":[{"embeddable":true,"href":"https:\/\/sabereswp.saberesafricanos.net\/index.php\/wp-json\/wp\/v2\/comments?post=1977"}],"version-history":[{"count":0,"href":"https:\/\/sabereswp.saberesafricanos.net\/index.php\/wp-json\/wp\/v2\/posts\/1977\/revisions"}],"wp:featuredmedia":[{"embeddable":true,"href":"https:\/\/sabereswp.saberesafricanos.net\/index.php\/wp-json\/wp\/v2\/media\/1976"}],"wp:attachment":[{"href":"https:\/\/sabereswp.saberesafricanos.net\/index.php\/wp-json\/wp\/v2\/media?parent=1977"}],"wp:term":[{"taxonomy":"category","embeddable":true,"href":"https:\/\/sabereswp.saberesafricanos.net\/index.php\/wp-json\/wp\/v2\/categories?post=1977"},{"taxonomy":"post_tag","embeddable":true,"href":"https:\/\/sabereswp.saberesafricanos.net\/index.php\/wp-json\/wp\/v2\/tags?post=1977"}],"curies":[{"name":"wp","href":"https:\/\/api.w.org\/{rel}","templated":true}]}}